{"id":7516,"date":"2026-03-24T14:00:35","date_gmt":"2026-03-24T21:00:35","guid":{"rendered":"https:\/\/conssanfrancisco.esteri.it\/?p=7516"},"modified":"2026-04-29T10:34:23","modified_gmt":"2026-04-29T17:34:23","slug":"exploring-the-frontiers-of-innovation-consul-general-massimo-carnelos-visits-blue-origin","status":"publish","type":"post","link":"https:\/\/conssanfrancisco.esteri.it\/it\/news\/dal_consolato\/2026\/03\/exploring-the-frontiers-of-innovation-consul-general-massimo-carnelos-visits-blue-origin\/","title":{"rendered":"Esplorando le frontiere dell\u2019innovazione aerospaziale: il Console Generale Massimo Carnelos in visita a Blue Origin"},"content":{"rendered":"<p>Il Console Generale Massimo Carnelos ha recentemente visitato Blue Origin, tra le realt\u00e0 pi\u00f9 all\u2019avanguardia a livello globale nel campo dell\u2019innovazione tecnologica, il cui motto <em>Gradatim Ferociter<\/em> (\u201cPasso dopo passo, con determinazione\u201d) incarna una visione orientata al progresso e all\u2019esplorazione. La visita ha offerto l\u2019opportunit\u00e0 di approfondire le tecnologie pi\u00f9 avanzate che stanno ridefinendo i confini delle possibilit\u00e0 umane, dallo spazio alle applicazioni aerospaziali di nuova generazione.<\/p>\n<p>Nel corso dell\u2019incontro, il Console Generale ha espresso apprezzamento per la visione e la missione dell\u2019azienda, sottolineando come l\u2019Italia, grazie alle proprie competenze tecnologiche e al proprio capitale umano, sia gi\u00e0 parte di questo percorso di innovazione. Il confronto ha inoltre consentito di individuare possibili ambiti di collaborazione tra il sistema dell\u2019innovazione italiano e uno dei principali attori globali nel settore spaziale.<\/p>\n<p>Il Console Generale Carnelos ha infine rivolto un sentito ringraziamento a Tiffany Wong Hall per l\u2019accoglienza e per il proficuo scambio di idee, evidenziando l\u2019importanza di rafforzare le partnership transatlantiche nei settori della scienza, della tecnologia e dell\u2019innovazione.<\/p>\n<p>La visita ha confermato l\u2019impegno dell\u2019Italia nel sostenere imprese, ricercatori e istituzioni nel dialogo con realt\u00e0 di eccellenza a livello internazionale, al fine di contribuire attivamente ai progressi della ricerca e alle nuove frontiere dello sviluppo tecnologico.<\/p>\n","protected":false},"excerpt":{"rendered":"Il Console Generale Massimo Carnelos ha recentemente visitato Blue Origin, tra le realt\u00e0 pi\u00f9 all\u2019avanguardia a livello globale nel campo dell\u2019innovazione tecnologica, il cui motto Gradatim Ferociter (\u201cPasso dopo passo, con determinazione\u201d) incarna una visione orientata al progresso e all\u2019esplorazione. La visita ha offerto l\u2019opportunit\u00e0 di approfondire le tecnologie pi\u00f9 avanzate che stanno ridefinendo i [&hellip;]","protected":false},"author":6,"featured_media":7511,"comment_status":"closed","ping_status":"closed","sticky":false,"template":"","format":"standard","meta":{"footnotes":""},"tags":[],"class_list":["post-7516","post","type-post","status-publish","format-standard","has-post-thumbnail","hentry"],"_links":{"self":[{"href":"https:\/\/conssanfrancisco.esteri.it\/it\/wp-json\/wp\/v2\/posts\/7516","targetHints":{"allow":["GET"]}}],"collection":[{"href":"https:\/\/conssanfrancisco.esteri.it\/it\/wp-json\/wp\/v2\/posts"}],"about":[{"href":"https:\/\/conssanfrancisco.esteri.it\/it\/wp-json\/wp\/v2\/types\/post"}],"author":[{"embeddable":true,"href":"https:\/\/conssanfrancisco.esteri.it\/it\/wp-json\/wp\/v2\/users\/6"}],"replies":[{"embeddable":true,"href":"https:\/\/conssanfrancisco.esteri.it\/it\/wp-json\/wp\/v2\/comments?post=7516"}],"version-history":[{"count":2,"href":"https:\/\/conssanfrancisco.esteri.it\/it\/wp-json\/wp\/v2\/posts\/7516\/revisions"}],"predecessor-version":[{"id":7534,"href":"https:\/\/conssanfrancisco.esteri.it\/it\/wp-json\/wp\/v2\/posts\/7516\/revisions\/7534"}],"wp:featuredmedia":[{"embeddable":true,"href":"https:\/\/conssanfrancisco.esteri.it\/it\/wp-json\/wp\/v2\/media\/7511"}],"wp:attachment":[{"href":"https:\/\/conssanfrancisco.esteri.it\/it\/wp-json\/wp\/v2\/media?parent=7516"}],"wp:term":[{"taxonomy":"post_tag","embeddable":true,"href":"https:\/\/conssanfrancisco.esteri.it\/it\/wp-json\/wp\/v2\/tags?post=7516"}],"curies":[{"name":"wp","href":"https:\/\/api.w.org\/{rel}","templated":true}]}}