{"id":7464,"date":"2026-03-20T10:00:40","date_gmt":"2026-03-20T17:00:40","guid":{"rendered":"https:\/\/conssanfrancisco.esteri.it\/?p=7464"},"modified":"2026-04-29T12:29:51","modified_gmt":"2026-04-29T19:29:51","slug":"terza-missione-a-seattle-del-console-generale-massimo-carnelos-innovazione-e-nuove-opportunita-per-la-cooperazione-italia-usa","status":"publish","type":"post","link":"https:\/\/conssanfrancisco.esteri.it\/it\/news\/dal_consolato\/2026\/03\/terza-missione-a-seattle-del-console-generale-massimo-carnelos-innovazione-e-nuove-opportunita-per-la-cooperazione-italia-usa\/","title":{"rendered":"Terza missione a Seattle del Console Generale Massimo Carnelos: innovazione e nuove opportunit\u00e0 per la cooperazione Italia\u2013USA"},"content":{"rendered":"<p style=\"text-align: justify;\">La terza visita del Console Generale Massimo Carnelos nello Stato di Washington ha confermato il significativo potenziale della regione per l\u2019ulteriore sviluppo della collaborazione economica e scientifica con l\u2019Italia. Dagli incontri istituzionali nella capitale dello Stato ai momenti di confronto con l\u2019ecosistema locale dell\u2019innovazione, la missione ha evidenziato il dinamismo e le opportunit\u00e0 strategiche che Washington offre per il rafforzamento delle partnership transatlantiche.<\/p>\n<p style=\"text-align: justify;\">Nel corso della tappa a Olympia, il Console Generale Carnelos ha incontrato il Vicegovernatore Denny Heck, lo <em>State Treasurer<\/em> Mike Pellicciotti e il Senatore dello Stato di Washington Drew MacEwen. I colloqui hanno posto in rilievo priorit\u00e0 condivise nei settori del commercio, dell\u2019innovazione e della cooperazione internazionale, a testimonianza della solidit\u00e0 delle relazioni tra l\u2019Italia e lo Stato di Washington.<\/p>\n<p style=\"text-align: justify;\">Momento centrale della missione \u00e8 stata l\u2019inaugurazione del Padiglione Italia in occasione dell\u2019<em>Aerospace &amp; Defense Supplier Summit <\/em>(ADSS) di Seattle, realizzato in collaborazione con il Ministero degli Affari Esteri e della Cooperazione Internazionale e con ITA \u2013 <em>Italian Trade Agency<\/em>. Il Padiglione ha ospitato 24 aziende italiane di primo piano nel settore aerospaziale ed \u00e8 stato seguito da un ricevimento organizzato congiuntamente con Serena Corp. Nel suo intervento, il Console Generale ha sottolineato il ruolo dell\u2019iniziativa nella promozione dell\u2019eccellenza italiana e nel favorire opportunit\u00e0 di networking e scambio di competenze.<\/p>\n<p style=\"text-align: justify;\">Il Console Generale ha inoltre incontrato ricercatori e scienziati italiani attivi nell\u2019area, in vista del rilancio del <em>chapter<\/em> di Seattle di ISSNAF per il Nord-Ovest degli Stati Uniti. La visita al <em>Fred Hutchinson Cancer Research Center<\/em> ha messo in evidenza le rilevanti prospettive di collaborazione scientifica e di partenariati basati sull\u2019innovazione tra Italia e Stati Uniti.<\/p>\n<p style=\"text-align: justify;\">Ulteriori visite al <em>Port of Seattle<\/em>, con Karin Zaugg Black, e alla <em>startup<\/em> italo-americana GemaTEG hanno illustrato la vivacit\u00e0 dell\u2019intersezione tra commercio, tecnologia e imprenditorialit\u00e0 nella regione, rafforzando l\u2019importanza di connettere il sistema produttivo e il talento italiano con le opportunit\u00e0 strategiche offerte dallo Stato di Washington.<\/p>\n<p style=\"text-align: justify;\">In conclusione della missione, il Console Generale Carnelos \u00e8 intervenuto presso il Seattle <em>Consular Corps<\/em> sul tema del divario innovativo tra Unione europea e Stati Uniti, sottolineando l\u2019impegno dell\u2019Italia nel promuovere il dialogo, la collaborazione scientifica e le relazioni economiche.<\/p>\n<p style=\"text-align: justify;\">La visita ha confermato il ruolo dello Stato di Washington quale polo di riferimento per innovazione, ricerca e imprenditorialit\u00e0, offrendo rilevanti opportunit\u00e0 per imprese, istituzioni e comunit\u00e0 scientifica italiane. Il Console Generale Massimo Carnelos ha infine espresso un sentito ringraziamento al Console Onorario Elisabetta Valentini per il prezioso contributo nell\u2019organizzazione della missione, ribadendo l\u2019impegno dell\u2019Italia a valorizzare ulteriormente tali relazioni, nel segno di valori condivisi quali eccellenza, creativit\u00e0 e innovazione.<\/p>\n","protected":false},"excerpt":{"rendered":"La terza visita del Console Generale Massimo Carnelos nello Stato di Washington ha confermato il significativo potenziale della regione per l\u2019ulteriore sviluppo della collaborazione economica e scientifica con l\u2019Italia. Dagli incontri istituzionali nella capitale dello Stato ai momenti di confronto con l\u2019ecosistema locale dell\u2019innovazione, la missione ha evidenziato il dinamismo e le opportunit\u00e0 strategiche che [&hellip;]","protected":false},"author":6,"featured_media":7477,"comment_status":"closed","ping_status":"closed","sticky":false,"template":"","format":"standard","meta":{"footnotes":""},"tags":[],"class_list":["post-7464","post","type-post","status-publish","format-standard","has-post-thumbnail","hentry"],"_links":{"self":[{"href":"https:\/\/conssanfrancisco.esteri.it\/it\/wp-json\/wp\/v2\/posts\/7464","targetHints":{"allow":["GET"]}}],"collection":[{"href":"https:\/\/conssanfrancisco.esteri.it\/it\/wp-json\/wp\/v2\/posts"}],"about":[{"href":"https:\/\/conssanfrancisco.esteri.it\/it\/wp-json\/wp\/v2\/types\/post"}],"author":[{"embeddable":true,"href":"https:\/\/conssanfrancisco.esteri.it\/it\/wp-json\/wp\/v2\/users\/6"}],"replies":[{"embeddable":true,"href":"https:\/\/conssanfrancisco.esteri.it\/it\/wp-json\/wp\/v2\/comments?post=7464"}],"version-history":[{"count":1,"href":"https:\/\/conssanfrancisco.esteri.it\/it\/wp-json\/wp\/v2\/posts\/7464\/revisions"}],"predecessor-version":[{"id":7481,"href":"https:\/\/conssanfrancisco.esteri.it\/it\/wp-json\/wp\/v2\/posts\/7464\/revisions\/7481"}],"wp:featuredmedia":[{"embeddable":true,"href":"https:\/\/conssanfrancisco.esteri.it\/it\/wp-json\/wp\/v2\/media\/7477"}],"wp:attachment":[{"href":"https:\/\/conssanfrancisco.esteri.it\/it\/wp-json\/wp\/v2\/media?parent=7464"}],"wp:term":[{"taxonomy":"post_tag","embeddable":true,"href":"https:\/\/conssanfrancisco.esteri.it\/it\/wp-json\/wp\/v2\/tags?post=7464"}],"curies":[{"name":"wp","href":"https:\/\/api.w.org\/{rel}","templated":true}]}}