{"id":5070,"date":"2025-06-06T11:57:50","date_gmt":"2025-06-06T18:57:50","guid":{"rendered":"https:\/\/conssanfrancisco.esteri.it\/?p=5070"},"modified":"2025-08-20T16:53:17","modified_gmt":"2025-08-20T23:53:17","slug":"celebrazioni-della-festa-della-repubblica-italiana-2025-a-san-francisco","status":"publish","type":"post","link":"https:\/\/conssanfrancisco.esteri.it\/it\/news\/dal_consolato\/2025\/06\/celebrazioni-della-festa-della-repubblica-italiana-2025-a-san-francisco\/","title":{"rendered":"Celebrazioni della Festa della Repubblica Italiana 2025 a San Francisco"},"content":{"rendered":"<p>Il Consolato Generale d\u2019Italia a San Francisco ha celebrato con orgoglio la Festa della Repubblica 2025, ospitata nella Sede del Consolato Generale e nello spazio antistante trasformato in &#8220;Piazza Italia&#8221;.<\/p>\n<p>L\u2019evento ha riunito la nostra ampia e vivace comunit\u00e0 di italiani, italo-americani e amici internazionali provenienti da tutta la regione del Pacifico nord-occidentale degli Stati Uniti.<\/p>\n<p>La cerimonia \u00e8 stata onorata della partecipazione del Sindaco di San Francisco, Daniel Lurie, che ha voluto sottolineare l\u2019importante contributo della comunit\u00e0 italiana alla crescita e prosperit\u00e0 della Citt\u00e0 dagli inizi del XIX secolo fino a oggi. Ringraziamo sentitamente il Sindaco Lurie per la sua presenza e per i suoi significativi messaggi di apprezzamento.<\/p>\n<p>Un ringraziamento speciale va anche ai rappresentanti dello Stato della California, Evan Read e Frank Ruffino, che hanno portato i saluti ufficiali della Vice Governatrice Eleni Kounalakis e del Ministro delle Finanze Fiona Ma.<\/p>\n<p>Durante la celebrazione \u00e8 stato inoltre dato risalto all\u2019eccellenza e all\u2019innovazione italiana nei settori dell\u2019energia e della mobilit\u00e0, e sono stati evidenziati i successi raggiunti nei primi due anni e mezzo di attivit\u00e0 del Centro Italiano per l&#8217;Innovazione e la Cultura &#8211; INNOVIT.<\/p>\n<p>Si \u00e8 poi tenuta la cerimonia di consegna delle onorificenze dell\u2019Ordine della Stella d&#8217;Italia a tre prestigiosi membri della comunit\u00e0 italiana della Bay Area: Giacomo Marini, Marcellino Gemelli e il compianto Carlo Di Ruocco.<\/p>\n<p>L\u2019evento \u00e8 stato reso speciale grazie al generoso supporto dei nostri sponsor: Italgas S.p.A., Gruppo Snam, Intesa Sanpaolo, Terna, ITA Airways, Lamborghini, Eataly (Silicon Valley), Balloon Museum e Crave Italy.<\/p>\n<p>Infine, la serata \u00e8 stata impreziosita dalle delizie culinarie preparate da 9 chef italiani e da una selezione di vini italiani, offerti da prestigiose cantine, ed accompagnata dalla straordinaria esibizione musicale della band Sonam\u00f3.<\/p>\n<p>Il Consolato Generale ringrazia tutti coloro che hanno contribuito al pieno successo delle celebrazioni della Festa della Repubblica 2025!<\/p>\n","protected":false},"excerpt":{"rendered":"Il Consolato Generale d\u2019Italia a San Francisco ha celebrato con orgoglio la Festa della Repubblica 2025, ospitata nella Sede del Consolato Generale e nello spazio antistante trasformato in &#8220;Piazza Italia&#8221;. L\u2019evento ha riunito la nostra ampia e vivace comunit\u00e0 di italiani, italo-americani e amici internazionali provenienti da tutta la regione del Pacifico nord-occidentale degli Stati [&hellip;]","protected":false},"author":6,"featured_media":5116,"comment_status":"closed","ping_status":"closed","sticky":false,"template":"","format":"standard","meta":{"footnotes":""},"tags":[],"class_list":["post-5070","post","type-post","status-publish","format-standard","has-post-thumbnail","hentry"],"_links":{"self":[{"href":"https:\/\/conssanfrancisco.esteri.it\/it\/wp-json\/wp\/v2\/posts\/5070","targetHints":{"allow":["GET"]}}],"collection":[{"href":"https:\/\/conssanfrancisco.esteri.it\/it\/wp-json\/wp\/v2\/posts"}],"about":[{"href":"https:\/\/conssanfrancisco.esteri.it\/it\/wp-json\/wp\/v2\/types\/post"}],"author":[{"embeddable":true,"href":"https:\/\/conssanfrancisco.esteri.it\/it\/wp-json\/wp\/v2\/users\/6"}],"replies":[{"embeddable":true,"href":"https:\/\/conssanfrancisco.esteri.it\/it\/wp-json\/wp\/v2\/comments?post=5070"}],"version-history":[{"count":1,"href":"https:\/\/conssanfrancisco.esteri.it\/it\/wp-json\/wp\/v2\/posts\/5070\/revisions"}],"predecessor-version":[{"id":5117,"href":"https:\/\/conssanfrancisco.esteri.it\/it\/wp-json\/wp\/v2\/posts\/5070\/revisions\/5117"}],"wp:featuredmedia":[{"embeddable":true,"href":"https:\/\/conssanfrancisco.esteri.it\/it\/wp-json\/wp\/v2\/media\/5116"}],"wp:attachment":[{"href":"https:\/\/conssanfrancisco.esteri.it\/it\/wp-json\/wp\/v2\/media?parent=5070"}],"wp:term":[{"taxonomy":"post_tag","embeddable":true,"href":"https:\/\/conssanfrancisco.esteri.it\/it\/wp-json\/wp\/v2\/tags?post=5070"}],"curies":[{"name":"wp","href":"https:\/\/api.w.org\/{rel}","templated":true}]}}