{"id":1133,"date":"2020-10-27T17:35:59","date_gmt":"2020-10-28T00:35:59","guid":{"rendered":"https:\/\/conssanfrancisco.esteri.it\/news\/dal_consolato\/2020\/10\/avviso-pubblico-per-manifestazioni\/"},"modified":"2020-10-27T17:35:59","modified_gmt":"2020-10-28T00:35:59","slug":"avviso-pubblico-per-manifestazioni","status":"publish","type":"post","link":"https:\/\/conssanfrancisco.esteri.it\/it\/news\/dal_consolato\/2020\/10\/avviso-pubblico-per-manifestazioni\/","title":{"rendered":"Avviso pubblico per sponsorizzazioni\/donazioni per realizzazione di copertura nel cortile interno del Consolato Generale \u2013 Proroga dei termini per manifestazioni di interesse"},"content":{"rendered":"<p>Il Consolato Generale d\u2019Italia a San Francisco intende realizzare una copertura protettiva (6,4&#215;15,24 m) nel cortile interno dell\u2019edificio in vista della destinazione dello spazio per l\u2019utenza degli uffici consolari e eventi futuri a supporto di attivit\u00e0<\/p>\n<p>per il Sistema Paese.<\/p>\n<p>A tale scopo si invitano le imprese interessate a partecipare all\u2019allestimento della struttura, tramite sponsorizzazioni o donazioni, a far pervenire la propria manifestazione di interesse entro il\u00a015 gennaio 2021 scrivendo a segreteria.sanfrancisco@esteri.it<\/p>\n<p>Sar\u00e0 data priorit\u00e0 ai progetti che si richiamino ai principi di sostenibilit\u00e0 ambientale e al design e architettura Made in Italy.<\/p>\n","protected":false},"excerpt":{"rendered":"Il Consolato Generale d\u2019Italia a San Francisco intende realizzare una copertura protettiva (6,4&#215;15,24 m) nel cortile interno dell\u2019edificio in vista della destinazione dello spazio per l\u2019utenza degli uffici consolari e eventi futuri a supporto di attivit\u00e0 per il Sistema Paese. A tale scopo si invitano le imprese interessate a partecipare all\u2019allestimento della struttura, tramite sponsorizzazioni [&hellip;]","protected":false},"author":1,"featured_media":0,"comment_status":"","ping_status":"","sticky":false,"template":"","format":"standard","meta":{"footnotes":""},"tags":[],"class_list":["post-1133","post","type-post","status-publish","format-standard","hentry"],"_links":{"self":[{"href":"https:\/\/conssanfrancisco.esteri.it\/it\/wp-json\/wp\/v2\/posts\/1133","targetHints":{"allow":["GET"]}}],"collection":[{"href":"https:\/\/conssanfrancisco.esteri.it\/it\/wp-json\/wp\/v2\/posts"}],"about":[{"href":"https:\/\/conssanfrancisco.esteri.it\/it\/wp-json\/wp\/v2\/types\/post"}],"author":[{"embeddable":true,"href":"https:\/\/conssanfrancisco.esteri.it\/it\/wp-json\/wp\/v2\/users\/1"}],"replies":[{"embeddable":true,"href":"https:\/\/conssanfrancisco.esteri.it\/it\/wp-json\/wp\/v2\/comments?post=1133"}],"version-history":[{"count":0,"href":"https:\/\/conssanfrancisco.esteri.it\/it\/wp-json\/wp\/v2\/posts\/1133\/revisions"}],"wp:attachment":[{"href":"https:\/\/conssanfrancisco.esteri.it\/it\/wp-json\/wp\/v2\/media?parent=1133"}],"wp:term":[{"taxonomy":"post_tag","embeddable":true,"href":"https:\/\/conssanfrancisco.esteri.it\/it\/wp-json\/wp\/v2\/tags?post=1133"}],"curies":[{"name":"wp","href":"https:\/\/api.w.org\/{rel}","templated":true}]}}